{"id":72,"date":"2010-11-10T09:35:27","date_gmt":"2010-11-10T07:35:27","guid":{"rendered":"http:\/\/www.leisoletremiti.it\/?p=72"},"modified":"2010-09-22T00:37:04","modified_gmt":"2010-09-21T22:37:04","slug":"tremiti-terra-desilio","status":"publish","type":"post","link":"https:\/\/www.leisoletremiti.it\/index.php\/puglia\/tremiti-terra-desilio.html","title":{"rendered":"Tremiti terra d&#8217;esilio"},"content":{"rendered":"<p>Uno splendido arcipelago, quello delle <a href=\"https:\/\/www.leisoletremiti.it\" target=\"_blank\"><strong>Isole Tremiti<\/strong> <\/a>che si apre a poche miglia nautiche, un&#8217;ora appena di viaggio in aliscafo, dalle coste del <strong>Gargano<\/strong> e <strong>dell&#8217;Abruzzo<\/strong>. Una terra difficile, la cui storia affonda le radici nella notte dei tempi e che \u00e8 sempre stata al centro di feroci contese per il predominio sul Mare Adriatico da parte delle potenze marinare, prima i romani, poi i veneziani, i greci, i pirati dalmati ed i turchi. Le sue isole fortificate hanno conosciuto l&#8217;assalto dei nemici dal mare, talvolta uscendone vincitrici e talvolta invece rimanendone vittime. E di certo, nel periodo bui del medio evo sono state anche un imprendibile covo di pirati.<\/p>\n<p>Una triste tradizione le ha volute, per lungo tempo anche drammatiche terre di esilio. Gi\u00e0 durante l&#8217;epoca romana infatti, quest&#8217;isola servir\u00e0 come luogo dove costringere le persone sgradite agli imperatori. Famoso il caso di Giulia, una nipote di Ottaviano Augusto, imprigionata qui perch\u00e8 adultera e che qui sar\u00e0 seppellita nella tomba che oggi si pu\u00f2 vedere accanto a quella di Diomede.<\/p>\n<p>Anche nel Medio Evo verranno utilizzate cos\u00ec, Paolo Diacono, uno storico vi sar\u00e0 esiliato nel 771 per ordine dell&#8217;imperatore Carlo Magno.<\/p>\n<p>In epoca borbonica le isole divengono una vera e propria colonia penale, in cui i Borboni invieranno molti esponenti dei moti risorgimentali ed i briganti catturati.<\/p>\n<p>Anche in epoca recente l&#8217;isola sar\u00e0 dimora di prigionieri, perch\u00e8 fino al 1926 rimarr\u00e0 uno dei luoghi dove il regime fascista imprigioner\u00e0 i suoi nemici, condannati al confino politico.<\/p>\n","protected":false},"excerpt":{"rendered":"<p>Uno splendido arcipelago, quello delle Isole Tremiti che si apre a poche miglia nautiche, un&#8217;ora appena di viaggio in aliscafo, dalle coste del Gargano e dell&#8217;Abruzzo. Una terra difficile, la cui storia affonda le radici nella notte dei tempi e che \u00e8 sempre stata al centro di feroci contese per il predominio sul Mare Adriatico [&hellip;]<\/p>\n","protected":false},"author":2,"featured_media":0,"comment_status":"open","ping_status":"closed","sticky":false,"template":"","format":"standard","meta":{"footnotes":""},"categories":[1],"tags":[9,75,165,164],"class_list":["post-72","post","type-post","status-publish","format-standard","hentry","category-puglia","tag-le-isole-tremiti","tag-miti-e-leggende-alle-isole-tremiti","tag-san-domino","tag-san-nicola"],"aioseo_notices":[],"_links":{"self":[{"href":"https:\/\/www.leisoletremiti.it\/index.php\/wp-json\/wp\/v2\/posts\/72","targetHints":{"allow":["GET"]}}],"collection":[{"href":"https:\/\/www.leisoletremiti.it\/index.php\/wp-json\/wp\/v2\/posts"}],"about":[{"href":"https:\/\/www.leisoletremiti.it\/index.php\/wp-json\/wp\/v2\/types\/post"}],"author":[{"embeddable":true,"href":"https:\/\/www.leisoletremiti.it\/index.php\/wp-json\/wp\/v2\/users\/2"}],"replies":[{"embeddable":true,"href":"https:\/\/www.leisoletremiti.it\/index.php\/wp-json\/wp\/v2\/comments?post=72"}],"version-history":[{"count":0,"href":"https:\/\/www.leisoletremiti.it\/index.php\/wp-json\/wp\/v2\/posts\/72\/revisions"}],"wp:attachment":[{"href":"https:\/\/www.leisoletremiti.it\/index.php\/wp-json\/wp\/v2\/media?parent=72"}],"wp:term":[{"taxonomy":"category","embeddable":true,"href":"https:\/\/www.leisoletremiti.it\/index.php\/wp-json\/wp\/v2\/categories?post=72"},{"taxonomy":"post_tag","embeddable":true,"href":"https:\/\/www.leisoletremiti.it\/index.php\/wp-json\/wp\/v2\/tags?post=72"}],"curies":[{"name":"wp","href":"https:\/\/api.w.org\/{rel}","templated":true}]}}