{"id":262,"date":"2012-03-04T19:02:40","date_gmt":"2012-03-04T17:02:40","guid":{"rendered":"http:\/\/www.leisoletremiti.it\/?p=262"},"modified":"2012-03-04T19:02:40","modified_gmt":"2012-03-04T17:02:40","slug":"le-isole-tremiti-e-la-puglia-salutano-lucio-dalla","status":"publish","type":"post","link":"https:\/\/www.leisoletremiti.it\/index.php\/la-stampa\/le-isole-tremiti-e-la-puglia-salutano-lucio-dalla.html","title":{"rendered":"Le Isole Tremiti e la Puglia Salutano Lucio Dalla"},"content":{"rendered":"<p>Un Saluto a Lucio Dalla dalle Isole Tremiti<\/p>\n<p>fonte: ANSA<\/p>\n<p>(ANSA) &#8211; ISOLE TREMITI (FOGGIA), 4 MAR &#8211; Fiori davanti alla villa che si affaccia su Cala Matano, le note di alcune delle sue pi\u00f9 belle canzoni che si sprigionano sul molo: cos\u00ec l&#8217;addio delle Isole Tremiti a Lucio Dalla che amava l&#8217;arcipelago dell&#8217;Adriatico come fosse una seconda casa. L&#8217;amministrazione comunale ha voluto deporre una corona di fiori davanti alla villa di Dalla e sono stati in tanti oggi a lasciare le Isole per raggiungere Bologna e rendere cos\u00ec omaggio al cantante.<\/p>\n<p>Nelle Isole Tremiti \u00e8 stato proclamato per oggi il lutto cittadino. (ANSA).<\/p>\n<p>&#8212;&#8212;&#8212;&#8212;&#8212;&#8212;&#8212;&#8212;&#8212;-<\/p>\n<p>fonte: mytermoli.it<\/p>\n<p>L&#8217;Amministrazione di Termoli esprime cordoglio per morte Lucio Dalla<\/p>\n<p>TERMOLI _ E\u2019 con profonda commozione che l\u2019Amministrazione comunale di Termoli esprime il proprio cordoglio per la prematura scomparsa del caro amico e Maestro Lucio Dalla.<\/p>\n<p>Un uomo dalle geniali intuizioni, capace di diffondere e far appassionare il pubblico straniero alla musica italiana grazie alle sue indimenticabili canzoni, da sempre amante del nostro territorio, delle Isole Diomedee e del nostro mare, resosi immediatamente disponibile in occasione della manifestazione indetta a Termoli e del concerto organizzato alle Isole Tremiti contro le perforazioni petrolifere nel mare Adriatico, lascia un grande vuoto e sgomento nella cittadinanza tutta, nella scena musicale e culturale italiana. Alla famiglia del Maestro ed a tutti i congiunti le pi\u00f9 sentite condoglianze da parte dell\u2019Amministrazione.<\/p>\n<p>fonte: mytermoli.it<\/p>\n<p>&#8212;&#8212;&#8212;&#8212;&#8212;&#8212;&#8212;&#8212;&#8212;&#8212;&#8212;&#8211;<\/p>\n<p>fonte: lagazzettadelmezzogiorno.it<\/p>\n<p>Addio Lucio \u00abVorrei essere sepolto alle Tremiti\u00bb<\/p>\n<p>di FRANCESCO TROTTA<\/p>\n<p>ISOLE TREMITI. Piange il Gargano, piange l\u2019arcipelago diomedeo. La notizia ha addolorato soprattutto lo sparuto popolo tremitese: Lucio Dalla \u00e8 morto. \u00ab\u00c8 un giorno triste per le isole Tremiti, perdiamo un figlio verace, di quelli che hanno voluto veramente bene a questa manciata di scogli gettati nell\u2019Adriatico\u00bb. Tra i pescatori, l\u00ec sul molo, dilaga la tristezza. \u00abDa oggi ci sentiremo pi\u00f9 soli\u00bb.<\/p>\n<p>Piange Peppino Calabrese, l\u2019ex sindaco, amico di Lucio: \u00abmi chiamava Pinuccio &#8211; dice -. Sono sgomento. Ancora non ci credo. Quanti ricordi&#8230; Il primo che mi viene in mente \u00e8 di lui intento a mangiare felice e beato il pane e pomodoro che gli preparava mio padre sulla terrazza del nostro locale a San Domino. Erano i primi anni Sessanta e lui era agli albori della sua straordinaria carriera di artista. Non era ancora la star della canzone italiana, ma aveva gi\u00e0 quella semplicit\u00e0 che manterr\u00e0 intatta anche dopo. Lucio mi ha molto arricchito dal punto di vista umano, perch\u00e9 al di l\u00e0 della sua grandezza di artista, che non faceva pesare a nessuno, era uno passionale, che amava essere sempre se stesso\u00bb.<br \/>\n\u00abAveva nel suo carattere molti tratti di noi tremitesi, isolani. Ecco perch\u00e9 legava con noi. Quando prendeva un impegno, manteneva sempre la parola data\u00bb.<\/p>\n<p>Calabrese fa una pausa, gli occhi lucidi, e pesca ancora fra i suoi ricordi un altro particolare importante, di quelli che forniscono la cifra del rapporto tra Dalla e le Tremiti. \u00abMi ricordo che spesso scherzando mi diceva: Quando morir\u00f2, vorrei essere messo in un tubetto di dentifricio e sepolto nel cimitero di San Nicola, perch\u00e9 anche da morto vorrei continuare a guardare quel mare che tante ispirazioni mi ha donato\u00bb.<\/p>\n<p>Ed infatti quella distesa liquida blu cobalto \u00e8 alla base dei suoi tanti successi musicali, come \u00ab4 marzo 1943\u00bb, \u00abCala Matana\u00bb, \u00abCom\u2019\u00e8 profondo il mare\u00bb.<\/p>\n<p>\u00abMi chiede se Dalla sar\u00e0 tumulato qui? Non lo so, bisogner\u00e0 scoprire se abbia messo per iscritto quello che mi diceva scherzando. Io ci spero\u00bb, conclude Calabrese. Un altro che lo ha conosciuto bene \u00e8 Angelo Iannotta, ex sindaco di Mattinata, che alle Tremiti lavorava in Comune. Dalla era un habitu\u00e8 del Gargano, e anche di Mattinata. La \u00abfarfalla bianca\u00bb lo emozionava diceva. Cos\u00ec come i faraglioni delle Zagare \u00abche quasi quasi li preferisco a quelli pi\u00f9 noti di Capri\u00bb aveva rivelato al cronista durante la prima edizione del Premio Faraglioni di Puglia che non and\u00f2 in onda perch\u00e9 era l\u201911 settembre del 2001, il giorno dell\u2019attentato alle Torri Gemelle di New York.<\/p>\n<p>\u00abCi siamo visti l\u2019ultima volta l\u2019estate scorsa nella casa di Mattinata dell\u2019artista beneventano Mimmo Palladino, nostro comune amico &#8211; dice Iannotta -. In quella occasione gli regalai il libro sul folclore garganico\u00bb. Ma a Mattinata lo ricordano anche per via della sua performance canora nel 2004 sul palco durante la festa patronale, dopo aver partecipato, in religioso silenzio e con un bastoncino bianco avorio, alla tradizionale processione in onore di Santa Maria della Luce.<\/p>\n<p>fonte: lagazzettadelmezzogiorno.it<\/p>\n<p>&#8212;&#8212;&#8212;&#8212;&#8212;&#8212;&#8212;&#8212;&#8212;&#8212;&#8212;-<\/p>\n<p>&nbsp;<\/p>\n","protected":false},"excerpt":{"rendered":"<p>Un Saluto a Lucio Dalla dalle Isole Tremiti fonte: ANSA (ANSA) &#8211; ISOLE TREMITI (FOGGIA), 4 MAR &#8211; Fiori davanti alla villa che si affaccia su Cala Matano, le note di alcune delle sue pi\u00f9 belle canzoni che si sprigionano sul molo: cos\u00ec l&#8217;addio delle Isole Tremiti a Lucio Dalla che amava l&#8217;arcipelago dell&#8217;Adriatico come [&hellip;]<\/p>\n","protected":false},"author":1,"featured_media":0,"comment_status":"open","ping_status":"closed","sticky":false,"template":"","format":"standard","meta":{"footnotes":""},"categories":[50],"tags":[],"class_list":["post-262","post","type-post","status-publish","format-standard","hentry","category-la-stampa"],"aioseo_notices":[],"_links":{"self":[{"href":"https:\/\/www.leisoletremiti.it\/index.php\/wp-json\/wp\/v2\/posts\/262","targetHints":{"allow":["GET"]}}],"collection":[{"href":"https:\/\/www.leisoletremiti.it\/index.php\/wp-json\/wp\/v2\/posts"}],"about":[{"href":"https:\/\/www.leisoletremiti.it\/index.php\/wp-json\/wp\/v2\/types\/post"}],"author":[{"embeddable":true,"href":"https:\/\/www.leisoletremiti.it\/index.php\/wp-json\/wp\/v2\/users\/1"}],"replies":[{"embeddable":true,"href":"https:\/\/www.leisoletremiti.it\/index.php\/wp-json\/wp\/v2\/comments?post=262"}],"version-history":[{"count":0,"href":"https:\/\/www.leisoletremiti.it\/index.php\/wp-json\/wp\/v2\/posts\/262\/revisions"}],"wp:attachment":[{"href":"https:\/\/www.leisoletremiti.it\/index.php\/wp-json\/wp\/v2\/media?parent=262"}],"wp:term":[{"taxonomy":"category","embeddable":true,"href":"https:\/\/www.leisoletremiti.it\/index.php\/wp-json\/wp\/v2\/categories?post=262"},{"taxonomy":"post_tag","embeddable":true,"href":"https:\/\/www.leisoletremiti.it\/index.php\/wp-json\/wp\/v2\/tags?post=262"}],"curies":[{"name":"wp","href":"https:\/\/api.w.org\/{rel}","templated":true}]}}